{"id":4352,"date":"2023-09-25T22:14:22","date_gmt":"2023-09-25T20:14:22","guid":{"rendered":"https:\/\/www.fondazionearnaldopomodoro.it\/?p=4352"},"modified":"2023-10-16T17:54:53","modified_gmt":"2023-10-16T15:54:53","slug":"salvatore-cuschera-fontane-dei-quattro-canti-2007","status":"publish","type":"post","link":"https:\/\/www.fondazionearnaldopomodoro.it\/en\/salvatore-cuschera-fontane-dei-quattro-canti-2007\/","title":{"rendered":"Cuschera Salvatore, <em>Fontane dei quattro canti<\/em> (2007)"},"content":{"rendered":"<div id=\"fws_69f1a72d721f0\"  data-column-margin=\"default\" data-midnight=\"dark\"  class=\"wpb_row vc_row-fluid vc_row full-width-content vc_row-o-equal-height vc_row-flex vc_row-o-content-top  right_padding_10pct left_padding_10pct\"  style=\"padding-top: 0px; padding-bottom: 0px; \"><div class=\"row-bg-wrap\" data-bg-animation=\"none\" data-bg-animation-delay=\"\" data-bg-overlay=\"false\"><div class=\"inner-wrap row-bg-layer\" ><div class=\"row-bg viewport-desktop\"  style=\"\"><\/div><\/div><\/div><div class=\"row_col_wrap_12 col span_12 dark left\">\n\t<div  class=\"vc_col-sm-6 wpb_column column_container vc_column_container col has-animation padding-2-percent inherit_tablet inherit_phone\"  data-padding-pos=\"bottom\" data-has-bg-color=\"false\" data-bg-color=\"\" data-bg-opacity=\"1\" data-animation=\"fade-in-from-bottom\" data-delay=\"0\" >\n\t\t<div class=\"vc_column-inner\" >\n\t\t\t<div class=\"wpb_wrapper\">\n\t\t\t\t<div class=\"img-with-aniamtion-wrap\" data-max-width=\"100%\" data-max-width-mobile=\"default\" data-shadow=\"none\" data-animation=\"none\" >\r\n      <div class=\"inner\">\r\n        <div class=\"hover-wrap\"> \r\n          <div class=\"hover-wrap-inner\">\r\n            <img loading=\"lazy\" decoding=\"async\" class=\"img-with-animation skip-lazy\" data-delay=\"0\" height=\"1030\" width=\"687\" data-animation=\"none\" src=\"https:\/\/www.fondazionearnaldopomodoro.it\/wp-content\/uploads\/2023\/09\/Cuschera-Fontane-dei-quattro-canti-2007-687x1030-1.jpg\" alt=\"Salvatore Cuschera Fontane dei quattro canti\" srcset=\"https:\/\/www.fondazionearnaldopomodoro.it\/wp-content\/uploads\/2023\/09\/Cuschera-Fontane-dei-quattro-canti-2007-687x1030-1.jpg 687w, https:\/\/www.fondazionearnaldopomodoro.it\/wp-content\/uploads\/2023\/09\/Cuschera-Fontane-dei-quattro-canti-2007-687x1030-1-200x300.jpg 200w, https:\/\/www.fondazionearnaldopomodoro.it\/wp-content\/uploads\/2023\/09\/Cuschera-Fontane-dei-quattro-canti-2007-687x1030-1-683x1024.jpg 683w, https:\/\/www.fondazionearnaldopomodoro.it\/wp-content\/uploads\/2023\/09\/Cuschera-Fontane-dei-quattro-canti-2007-687x1030-1-8x12.jpg 8w\" sizes=\"auto, (max-width: 687px) 100vw, 687px\" \/>\r\n          <\/div>\r\n        <\/div>\r\n      <\/div>\r\n    <\/div>\n\t\t\t<\/div> \n\t\t<\/div>\n\t<\/div> \n\n\t<div  class=\"vc_col-sm-6 wpb_column column_container vc_column_container col padding-1-percent inherit_tablet inherit_phone\"  data-padding-pos=\"left\" data-has-bg-color=\"false\" data-bg-color=\"\" data-bg-opacity=\"1\" data-animation=\"\" data-delay=\"0\" >\n\t\t<div class=\"vc_column-inner\" >\n\t\t\t<div class=\"wpb_wrapper\">\n\t\t\t\t\r\n<div class=\"wpb_text_column wpb_content_element\" >\r\n\t<div class=\"wpb_wrapper\">\r\n\t\t<h4><strong>Salvatore Cuschera<\/strong><em><strong><br \/>\n<\/strong>Fontane dei quattro canti<\/em>, 2007<\/h4>\n<p>ceramic painted with oxides, 107 \u00d7 34,5 \u00d7 35 cm each  one (2 elements)<\/p>\n\t<\/div>\r\n<\/div>\r\n\r\n\r\n\r\n\r\n<div class=\"wpb_text_column wpb_content_element\" >\r\n\t<div class=\"wpb_wrapper\">\r\n\t\t<p>Tending towards monumentality as its internal need, Cuschera's sculpture always presents itself as an elaboration of compact and solid plastic forms but conceived as in formation, open, and linked to the organic. There are references to archaic sculpture in his work, even if figural allusiveness is lacking and the reference is expressed in the compactness of the volumes and the conciseness of their construction. There is also no shortage of references to the Spanish master Eduardo Chillida, for the curved surfaces, welded, in the case of the iron sculptures, freely, fastening them to each other on one side and leaving the other profiles free. The work present in the collection, composed of two similar elements, designed as two fountains, presents curved surfaces and grooves while the material of which it is made, black and white glazed ceramic, highlights the values of manual skill and accentuates the appearance organic form.<\/p>\n<p class=\"translation-block\">from: <a href=\"https:\/\/shop.fondazionearnaldopomodoro.it\/it\/libri-skira-editore\/22466-fondazione-arnaldo-pomodoro-la-collezione-permanente\" target=\"_self\"><em>Fondazione Arnaldo Pomodoro. La Collezione permanente<\/em><\/a>, exhibition catalogue, edited by G. Verzotti, A. Vettese, Milano, Skira, 2007, p. 174.<\/p>\n\t<\/div>\r\n<\/div>\r\n\r\n\r\n\r\n\n\t\t\t<\/div> \n\t\t<\/div>\n\t<\/div> \n<\/div><\/div>","protected":false},"excerpt":{"rendered":"Salvatore Cuschera Fontane dei quattro canti, 2007 ceramica dipinta con ossidi, 107 \u00d7 34,5 \u00d7 35 cm ciascuno (2 elementi) Tendente alla monumentalit\u00e0 come sua esigenza interiore, la scultura di...","protected":false},"author":1,"featured_media":4354,"comment_status":"closed","ping_status":"closed","sticky":false,"template":"","format":"standard","meta":{"footnotes":""},"categories":[23,20],"tags":[],"class_list":{"0":"post-4352","1":"post","2":"type-post","3":"status-publish","4":"format-standard","5":"has-post-thumbnail","7":"category-altri-artisti","8":"category-le-opere-della-collezione"},"yoast_head":"<!-- This site is optimized with the Yoast SEO plugin v26.9 - https:\/\/yoast.com\/product\/yoast-seo-wordpress\/ -->\n<title>Salvatore Cuschera Fontane dei quattro canti<\/title>\n<meta name=\"robots\" content=\"index, follow, max-snippet:-1, max-image-preview:large, max-video-preview:-1\" \/>\n<link rel=\"canonical\" href=\"https:\/\/www.fondazionearnaldopomodoro.it\/en\/salvatore-cuschera-fontane-dei-quattro-canti-2007\/\" \/>\n<meta property=\"og:locale\" content=\"en_GB\" \/>\n<meta property=\"og:type\" content=\"article\" \/>\n<meta property=\"og:title\" content=\"Salvatore Cuschera Fontane dei quattro canti\" \/>\n<meta property=\"og:url\" content=\"https:\/\/www.fondazionearnaldopomodoro.it\/en\/salvatore-cuschera-fontane-dei-quattro-canti-2007\/\" \/>\n<meta property=\"og:site_name\" content=\"Fondazione Arnaldo Pomodoro\" \/>\n<meta property=\"article:published_time\" content=\"2023-09-25T20:14:22+00:00\" \/>\n<meta property=\"article:modified_time\" content=\"2023-10-16T15:54:53+00:00\" \/>\n<meta property=\"og:image\" content=\"https:\/\/www.fondazionearnaldopomodoro.it\/wp-content\/uploads\/2023\/09\/Cuschera-Fontane-dei-quattro-canti-2007-687x1030-1.jpg\" \/>\n\t<meta property=\"og:image:width\" content=\"687\" \/>\n\t<meta property=\"og:image:height\" content=\"1030\" \/>\n\t<meta property=\"og:image:type\" content=\"image\/jpeg\" \/>\n<meta name=\"author\" content=\"nowheredemo\" \/>\n<meta name=\"twitter:card\" content=\"summary_large_image\" \/>\n<meta name=\"twitter:label1\" content=\"Written by\" \/>\n\t<meta name=\"twitter:data1\" content=\"nowheredemo\" \/>\n\t<meta name=\"twitter:label2\" content=\"Estimated reading time\" \/>\n\t<meta name=\"twitter:data2\" content=\"2 minutes\" \/>\n<script type=\"application\/ld+json\" class=\"yoast-schema-graph\">{\"@context\":\"https:\/\/schema.org\",\"@graph\":[{\"@type\":\"Article\",\"@id\":\"https:\/\/www.fondazionearnaldopomodoro.it\/salvatore-cuschera-fontane-dei-quattro-canti-2007\/#article\",\"isPartOf\":{\"@id\":\"https:\/\/www.fondazionearnaldopomodoro.it\/salvatore-cuschera-fontane-dei-quattro-canti-2007\/\"},\"author\":{\"name\":\"nowheredemo\",\"@id\":\"https:\/\/www.fondazionearnaldopomodoro.it\/#\/schema\/person\/6fe3d3f6a2a33a0f99147fb520d865c2\"},\"headline\":\"Cuschera Salvatore, Fontane dei quattro canti (2007)\",\"datePublished\":\"2023-09-25T20:14:22+00:00\",\"dateModified\":\"2023-10-16T15:54:53+00:00\",\"mainEntityOfPage\":{\"@id\":\"https:\/\/www.fondazionearnaldopomodoro.it\/salvatore-cuschera-fontane-dei-quattro-canti-2007\/\"},\"wordCount\":514,\"image\":{\"@id\":\"https:\/\/www.fondazionearnaldopomodoro.it\/salvatore-cuschera-fontane-dei-quattro-canti-2007\/#primaryimage\"},\"thumbnailUrl\":\"https:\/\/www.fondazionearnaldopomodoro.it\/wp-content\/uploads\/2023\/09\/Cuschera-Fontane-dei-quattro-canti-2007-687x1030-1.jpg\",\"articleSection\":[\"Altri artisti\",\"Tutte le opere\"],\"inLanguage\":\"en-GB\"},{\"@type\":\"WebPage\",\"@id\":\"https:\/\/www.fondazionearnaldopomodoro.it\/salvatore-cuschera-fontane-dei-quattro-canti-2007\/\",\"url\":\"https:\/\/www.fondazionearnaldopomodoro.it\/salvatore-cuschera-fontane-dei-quattro-canti-2007\/\",\"name\":\"Salvatore Cuschera Fontane dei quattro canti\",\"isPartOf\":{\"@id\":\"https:\/\/www.fondazionearnaldopomodoro.it\/#website\"},\"primaryImageOfPage\":{\"@id\":\"https:\/\/www.fondazionearnaldopomodoro.it\/salvatore-cuschera-fontane-dei-quattro-canti-2007\/#primaryimage\"},\"image\":{\"@id\":\"https:\/\/www.fondazionearnaldopomodoro.it\/salvatore-cuschera-fontane-dei-quattro-canti-2007\/#primaryimage\"},\"thumbnailUrl\":\"https:\/\/www.fondazionearnaldopomodoro.it\/wp-content\/uploads\/2023\/09\/Cuschera-Fontane-dei-quattro-canti-2007-687x1030-1.jpg\",\"datePublished\":\"2023-09-25T20:14:22+00:00\",\"dateModified\":\"2023-10-16T15:54:53+00:00\",\"author\":{\"@id\":\"https:\/\/www.fondazionearnaldopomodoro.it\/#\/schema\/person\/6fe3d3f6a2a33a0f99147fb520d865c2\"},\"inLanguage\":\"en-GB\",\"potentialAction\":[{\"@type\":\"ReadAction\",\"target\":[\"https:\/\/www.fondazionearnaldopomodoro.it\/salvatore-cuschera-fontane-dei-quattro-canti-2007\/\"]}]},{\"@type\":\"ImageObject\",\"inLanguage\":\"en-GB\",\"@id\":\"https:\/\/www.fondazionearnaldopomodoro.it\/salvatore-cuschera-fontane-dei-quattro-canti-2007\/#primaryimage\",\"url\":\"https:\/\/www.fondazionearnaldopomodoro.it\/wp-content\/uploads\/2023\/09\/Cuschera-Fontane-dei-quattro-canti-2007-687x1030-1.jpg\",\"contentUrl\":\"https:\/\/www.fondazionearnaldopomodoro.it\/wp-content\/uploads\/2023\/09\/Cuschera-Fontane-dei-quattro-canti-2007-687x1030-1.jpg\",\"width\":687,\"height\":1030,\"caption\":\"Salvatore Cuschera Fontane dei quattro canti\"},{\"@type\":\"WebSite\",\"@id\":\"https:\/\/www.fondazionearnaldopomodoro.it\/#website\",\"url\":\"https:\/\/www.fondazionearnaldopomodoro.it\/\",\"name\":\"Fondazione Arnaldo Pomodoro\",\"description\":\"\",\"potentialAction\":[{\"@type\":\"SearchAction\",\"target\":{\"@type\":\"EntryPoint\",\"urlTemplate\":\"https:\/\/www.fondazionearnaldopomodoro.it\/?s={search_term_string}\"},\"query-input\":{\"@type\":\"PropertyValueSpecification\",\"valueRequired\":true,\"valueName\":\"search_term_string\"}}],\"inLanguage\":\"en-GB\"},{\"@type\":\"Person\",\"@id\":\"https:\/\/www.fondazionearnaldopomodoro.it\/#\/schema\/person\/6fe3d3f6a2a33a0f99147fb520d865c2\",\"name\":\"nowheredemo\",\"sameAs\":[\"http:\/\/www.fondazionearnaldopomodoro.it\"],\"url\":\"https:\/\/www.fondazionearnaldopomodoro.it\/en\/author\/nowheredemo\/\"}]}<\/script>\n<!-- \/ Yoast SEO plugin. -->","yoast_head_json":{"title":"Salvatore Cuschera Fontane dei quattro canti","robots":{"index":"index","follow":"follow","max-snippet":"max-snippet:-1","max-image-preview":"max-image-preview:large","max-video-preview":"max-video-preview:-1"},"canonical":"https:\/\/www.fondazionearnaldopomodoro.it\/en\/salvatore-cuschera-fontane-dei-quattro-canti-2007\/","og_locale":"en_GB","og_type":"article","og_title":"Salvatore Cuschera Fontane dei quattro canti","og_url":"https:\/\/www.fondazionearnaldopomodoro.it\/en\/salvatore-cuschera-fontane-dei-quattro-canti-2007\/","og_site_name":"Fondazione Arnaldo Pomodoro","article_published_time":"2023-09-25T20:14:22+00:00","article_modified_time":"2023-10-16T15:54:53+00:00","og_image":[{"width":687,"height":1030,"url":"https:\/\/www.fondazionearnaldopomodoro.it\/wp-content\/uploads\/2023\/09\/Cuschera-Fontane-dei-quattro-canti-2007-687x1030-1.jpg","type":"image\/jpeg"}],"author":"nowheredemo","twitter_card":"summary_large_image","twitter_misc":{"Written by":"nowheredemo","Estimated reading time":"2 minutes"},"schema":{"@context":"https:\/\/schema.org","@graph":[{"@type":"Article","@id":"https:\/\/www.fondazionearnaldopomodoro.it\/salvatore-cuschera-fontane-dei-quattro-canti-2007\/#article","isPartOf":{"@id":"https:\/\/www.fondazionearnaldopomodoro.it\/salvatore-cuschera-fontane-dei-quattro-canti-2007\/"},"author":{"name":"nowheredemo","@id":"https:\/\/www.fondazionearnaldopomodoro.it\/#\/schema\/person\/6fe3d3f6a2a33a0f99147fb520d865c2"},"headline":"Cuschera Salvatore, Fontane dei quattro canti (2007)","datePublished":"2023-09-25T20:14:22+00:00","dateModified":"2023-10-16T15:54:53+00:00","mainEntityOfPage":{"@id":"https:\/\/www.fondazionearnaldopomodoro.it\/salvatore-cuschera-fontane-dei-quattro-canti-2007\/"},"wordCount":514,"image":{"@id":"https:\/\/www.fondazionearnaldopomodoro.it\/salvatore-cuschera-fontane-dei-quattro-canti-2007\/#primaryimage"},"thumbnailUrl":"https:\/\/www.fondazionearnaldopomodoro.it\/wp-content\/uploads\/2023\/09\/Cuschera-Fontane-dei-quattro-canti-2007-687x1030-1.jpg","articleSection":["Altri artisti","Tutte le opere"],"inLanguage":"en-GB"},{"@type":"WebPage","@id":"https:\/\/www.fondazionearnaldopomodoro.it\/salvatore-cuschera-fontane-dei-quattro-canti-2007\/","url":"https:\/\/www.fondazionearnaldopomodoro.it\/salvatore-cuschera-fontane-dei-quattro-canti-2007\/","name":"Salvatore Cuschera Fontane dei quattro canti","isPartOf":{"@id":"https:\/\/www.fondazionearnaldopomodoro.it\/#website"},"primaryImageOfPage":{"@id":"https:\/\/www.fondazionearnaldopomodoro.it\/salvatore-cuschera-fontane-dei-quattro-canti-2007\/#primaryimage"},"image":{"@id":"https:\/\/www.fondazionearnaldopomodoro.it\/salvatore-cuschera-fontane-dei-quattro-canti-2007\/#primaryimage"},"thumbnailUrl":"https:\/\/www.fondazionearnaldopomodoro.it\/wp-content\/uploads\/2023\/09\/Cuschera-Fontane-dei-quattro-canti-2007-687x1030-1.jpg","datePublished":"2023-09-25T20:14:22+00:00","dateModified":"2023-10-16T15:54:53+00:00","author":{"@id":"https:\/\/www.fondazionearnaldopomodoro.it\/#\/schema\/person\/6fe3d3f6a2a33a0f99147fb520d865c2"},"inLanguage":"en-GB","potentialAction":[{"@type":"ReadAction","target":["https:\/\/www.fondazionearnaldopomodoro.it\/salvatore-cuschera-fontane-dei-quattro-canti-2007\/"]}]},{"@type":"ImageObject","inLanguage":"en-GB","@id":"https:\/\/www.fondazionearnaldopomodoro.it\/salvatore-cuschera-fontane-dei-quattro-canti-2007\/#primaryimage","url":"https:\/\/www.fondazionearnaldopomodoro.it\/wp-content\/uploads\/2023\/09\/Cuschera-Fontane-dei-quattro-canti-2007-687x1030-1.jpg","contentUrl":"https:\/\/www.fondazionearnaldopomodoro.it\/wp-content\/uploads\/2023\/09\/Cuschera-Fontane-dei-quattro-canti-2007-687x1030-1.jpg","width":687,"height":1030,"caption":"Salvatore Cuschera Fontane dei quattro canti"},{"@type":"WebSite","@id":"https:\/\/www.fondazionearnaldopomodoro.it\/#website","url":"https:\/\/www.fondazionearnaldopomodoro.it\/","name":"Fondazione Arnaldo Pomodoro","description":"","potentialAction":[{"@type":"SearchAction","target":{"@type":"EntryPoint","urlTemplate":"https:\/\/www.fondazionearnaldopomodoro.it\/?s={search_term_string}"},"query-input":{"@type":"PropertyValueSpecification","valueRequired":true,"valueName":"search_term_string"}}],"inLanguage":"en-GB"},{"@type":"Person","@id":"https:\/\/www.fondazionearnaldopomodoro.it\/#\/schema\/person\/6fe3d3f6a2a33a0f99147fb520d865c2","name":"nowheredemo","sameAs":["http:\/\/www.fondazionearnaldopomodoro.it"],"url":"https:\/\/www.fondazionearnaldopomodoro.it\/en\/author\/nowheredemo\/"}]}},"_links":{"self":[{"href":"https:\/\/www.fondazionearnaldopomodoro.it\/en\/wp-json\/wp\/v2\/posts\/4352","targetHints":{"allow":["GET"]}}],"collection":[{"href":"https:\/\/www.fondazionearnaldopomodoro.it\/en\/wp-json\/wp\/v2\/posts"}],"about":[{"href":"https:\/\/www.fondazionearnaldopomodoro.it\/en\/wp-json\/wp\/v2\/types\/post"}],"author":[{"embeddable":true,"href":"https:\/\/www.fondazionearnaldopomodoro.it\/en\/wp-json\/wp\/v2\/users\/1"}],"replies":[{"embeddable":true,"href":"https:\/\/www.fondazionearnaldopomodoro.it\/en\/wp-json\/wp\/v2\/comments?post=4352"}],"version-history":[{"count":5,"href":"https:\/\/www.fondazionearnaldopomodoro.it\/en\/wp-json\/wp\/v2\/posts\/4352\/revisions"}],"predecessor-version":[{"id":5835,"href":"https:\/\/www.fondazionearnaldopomodoro.it\/en\/wp-json\/wp\/v2\/posts\/4352\/revisions\/5835"}],"wp:featuredmedia":[{"embeddable":true,"href":"https:\/\/www.fondazionearnaldopomodoro.it\/en\/wp-json\/wp\/v2\/media\/4354"}],"wp:attachment":[{"href":"https:\/\/www.fondazionearnaldopomodoro.it\/en\/wp-json\/wp\/v2\/media?parent=4352"}],"wp:term":[{"taxonomy":"category","embeddable":true,"href":"https:\/\/www.fondazionearnaldopomodoro.it\/en\/wp-json\/wp\/v2\/categories?post=4352"},{"taxonomy":"post_tag","embeddable":true,"href":"https:\/\/www.fondazionearnaldopomodoro.it\/en\/wp-json\/wp\/v2\/tags?post=4352"}],"curies":[{"name":"wp","href":"https:\/\/api.w.org\/{rel}","templated":true}]}}